{"id":6597,"date":"2025-10-13T14:38:33","date_gmt":"2025-10-13T13:38:33","guid":{"rendered":"https:\/\/europeansecurity.eu\/?p=6597"},"modified":"2025-10-13T14:38:35","modified_gmt":"2025-10-13T13:38:35","slug":"garde-du-corps-armes-belgique-pour-evenements-securisez-vos-occasions-speciales","status":"publish","type":"post","link":"https:\/\/europeansecurity.eu\/en\/garde-du-corps-armes-belgique-pour-evenements-securisez-vos-occasions-speciales\/","title":{"rendered":"Garde du corps arm\u00e9s Belgique pour \u00e9v\u00e9nements : S\u00e9curisez vos occasions sp\u00e9ciales"},"content":{"rendered":"<h1>Mesures de protection des personnes : S\u00e9curisez vos occasions sp\u00e9ciales en Europe<\/h1>\n<p><img decoding=\"async\" src=\"https:\/\/subventioniastorageprod.blob.core.windows.net\/clientdocs\/images\/e565478a-c5e4-48b2-9baa-36974ae977b4.png?sv=2025-07-05&amp;spr=https&amp;st=2025-10-10T07%3A57%3A38Z&amp;se=2026-01-08T08%3A02%3A38Z&amp;sr=b&amp;sp=r&amp;sig=7UoNBqBvM%2B19SUCrBkhjNxW8R4SRCkHgmtB6vAPZG%2Bg%3D\" alt=\"Image-1\" \/><\/p>\n<h2>Protection des personnes : Bodyguards en Belgique et en Europe<\/h2>\n<h3>Pourquoi choisir un garde du corps arm\u00e9 en Belgique ?<\/h3>\n<p>Choisir un garde du corps arm\u00e9 en Belgique peut \u00eatre une d\u00e9cision cruciale pour assurer la s\u00e9curit\u00e9 lors d&rsquo;\u00e9v\u00e9nements ou pour prot\u00e9ger des personnalit\u00e9s VIP. Les services de garde du corps en Belgique se sont adapt\u00e9s aux besoins croissants de protection, en offrant non seulement des agents form\u00e9s \u00e0 la s\u00e9curit\u00e9, mais \u00e9galement arm\u00e9s lorsqu&rsquo;une menace plus significative est identifi\u00e9e. Que ce soit pour un \u00e9v\u00e9nement public ou une mission arm\u00e9e pour protection VIP, la pr\u00e9sence d&rsquo;un garde du corps arm\u00e9 peut dissuader les comportements malveillants et garantir un environnement s\u00fbr.<\/p>\n<p>The importance of adequate protection cannot be underestimated, especially in a context where the risks of aggression or violence are increasing. Personal security companies in Belgium are committed to providing tailored solutions. The expertise of these professionals allows them to respond quickly and effectively to unforeseen situations while offering discreet support that respects the individuals being protected.<\/p>\n<p>En outre, il est crucial de consid\u00e9rer que la protection ne repose pas uniquement sur l&rsquo;utilisation d&rsquo;armes. Les garde du corps personnels en Belgique peuvent \u00e9galement utiliser des techniques de d\u00e9sescalade et des m\u00e9thodes non arm\u00e9es pour g\u00e9rer des conflits. Cela d\u00e9montre l&rsquo;importance de choisir une \u00e9quipe de s\u00e9curit\u00e9 qui allie comp\u00e9tence technique et approche humaine, garantissant ainsi une s\u00e9curit\u00e9 optimale.<\/p>\n<p>In conclusion, hiring an armed bodyguard in Belgium is a proactive measure for those seeking peace of mind during their travels or events. Whether for public figures or private individuals, choosing an appropriate security service is essential for navigating safely in an unpredictable world.<\/p>\n<h3>Les services de garde du corps en Belgique<\/h3>\n<p>Les services de garde du corps en Belgique ont pris de l&rsquo;ampleur ces derni\u00e8res ann\u00e9es, en r\u00e9ponse \u00e0 une demande croissante pour la s\u00e9curit\u00e9 personnelle. Que ce soit pour des \u00e9v\u00e9nements publics ou priv\u00e9s, les professionnels de la s\u00e9curit\u00e9 offrent une large gamme de services adapt\u00e9s aux besoins sp\u00e9cifiques de chaque client. Les garde du corps arm\u00e9s en Belgique sont particuli\u00e8rement recherch\u00e9s pour des \u00e9v\u00e9nements de grande envergure, o\u00f9 le risque d&rsquo;incidents peut \u00eatre plus \u00e9lev\u00e9. Ces agents de s\u00e9curit\u00e9, souvent issus des forces de l&rsquo;ordre, sont form\u00e9s pour g\u00e9rer des situations potentiellement dangereuses tout en garantissant la s\u00e9curit\u00e9 des personnalit\u00e9s et des invit\u00e9s.<\/p>\n<p>Bodyguard services in Belgium have gained prominence in recent years, driven by an increasing demand for personal security. Whether for public or private events, security professionals offer a wide range of services tailored to the specific needs of each client. Armed bodyguards in Belgium are particularly sought after for large-scale events, where the risk of incidents may be higher. These security agents, often from law enforcement backgrounds, are trained to handle potentially dangerous situations while ensuring the safety of personalities and guests.<\/p>\n<p>En plus des garde du corps arm\u00e9s, les services de garde du corps en Belgique incluent \u00e9galement des options non arm\u00e9es, qui peuvent \u00eatre tout aussi efficaces pour assurer la s\u00e9curit\u00e9. Les entreprises de s\u00e9curit\u00e9 pour protection personnelle proposent des solutions sur mesure, int\u00e9grant des techniques d&rsquo;\u00e9valuation des risques et des strat\u00e9gies de protection adapt\u00e9es. Que ce soit pour accompagner un VIP lors d&rsquo;un d\u00e9placement ou pour assurer la s\u00e9curit\u00e9 d&rsquo;un \u00e9v\u00e9nement, ces professionnels savent s&rsquo;adapter aux diff\u00e9rentes situations.<\/p>\n<p>In addition to armed bodyguards, bodyguard services in Belgium also include unarmed options, which can be equally effective in ensuring safety. Personal protection security companies offer customized solutions, incorporating risk assessment techniques and tailored protection strategies. Whether accompanying a VIP during travel or ensuring the security of an event, these professionals know how to adjust to various situations.<\/p>\n<h3>Protection personnelle : Garde du corps pour c\u00e9l\u00e9brit\u00e9s<\/h3>\n<p>La s\u00e9curit\u00e9 des c\u00e9l\u00e9brit\u00e9s est devenue une pr\u00e9occupation majeure dans le monde moderne, o\u00f9 les menaces peuvent surgir \u00e0 tout moment. En Belgique, la demande pour des <strong>garde du corps arm\u00e9s<\/strong> pour \u00e9v\u00e9nements a consid\u00e9rablement augment\u00e9. Les entreprises sp\u00e9cialis\u00e9es dans les services de garde du corps en Belgique offrent une vari\u00e9t\u00e9 de solutions adapt\u00e9es aux besoins sp\u00e9cifiques des VIP, qu&rsquo;il s&rsquo;agisse de concerts, de festivals ou d&rsquo;autres rassemblements publics. Ces professionnels, souvent form\u00e9s aux interventions d&rsquo;urgence et \u00e0 la gestion des foules, assurent une protection efficace et discr\u00e8te.<\/p>\n<p>The safety of celebrities has become a major concern in today\u2019s world, where threats can arise at any moment. In Belgium, the demand for <strong>armed bodyguards<\/strong> for events has significantly increased. Companies specializing in bodyguard services in Belgium offer a range of solutions tailored to the specific needs of VIPs, whether for concerts, festivals, or other public gatherings. These professionals, often trained in emergency response and crowd management, provide effective and discreet protection.<\/p>\n<p>Le recours \u00e0 un <strong>garde du corps personnel en Belgique<\/strong> est essentiel pour ceux qui souhaitent maintenir leur s\u00e9curit\u00e9 tout en poursuivant leurs activit\u00e9s quotidiennes. Ces agents de s\u00e9curit\u00e9 sont non seulement entra\u00een\u00e9s pour anticiper et g\u00e9rer les menaces, mais ils apportent \u00e9galement un sens de la tranquillit\u00e9 d&rsquo;esprit aux c\u00e9l\u00e9brit\u00e9s qui naviguent dans un monde souvent impr\u00e9visible. Les entreprises de s\u00e9curit\u00e9 pour protection personnelle se distinguent par leur capacit\u00e9 \u00e0 adapter leurs services aux exigences sp\u00e9cifiques de chaque client, en int\u00e9grant des strat\u00e9gies de protection arm\u00e9es ou non.<\/p>\n<p>Hiring a <strong>personal bodyguard in Belgium<\/strong> is essential for those wishing to maintain their safety while going about their daily activities. These security agents are trained not only to anticipate and manage threats but also to bring peace of mind to celebrities navigating an often unpredictable world. Security companies for personal protection stand out for their ability to tailor their services to each client&rsquo;s unique requirements, incorporating armed or unarmed protection strategies.<\/p>\n<p>La <strong>mission arm\u00e9e pour protection VIP<\/strong> est une approche qui allie comp\u00e9tence et strat\u00e9gie. Les gardes du corps arm\u00e9s sont non seulement l\u00e0 pour r\u00e9agir en cas d&rsquo;incident, mais ils jouent \u00e9galement un r\u00f4le pr\u00e9ventif crucial. En Europe, ces services se diversifient, int\u00e9grant des techniques de s\u00e9curit\u00e9 avanc\u00e9es et un savoir-faire \u00e9prouv\u00e9 pour assurer la s\u00e9curit\u00e9 des personnalit\u00e9s publiques.<\/p>\n<p>The <strong>armed mission for VIP protection<\/strong> is an approach that combines skill and strategy. Armed bodyguards are not just there to react in case of an incident; they also play a crucial preventive role. In Europe, these services are diversifying, integrating advanced security techniques and proven expertise to ensure the safety of public figures.<\/p>\n<h3>S\u00e9curit\u00e9 pour \u00e9v\u00e9nements sp\u00e9ciaux en Belgique<\/h3>\n<p>La s\u00e9curit\u00e9 pour \u00e9v\u00e9nements sp\u00e9ciaux en Belgique est devenue une priorit\u00e9 absolue, surtout dans un contexte o\u00f9 la menace peut venir de divers horizons. Pour assurer la protection des personnalit\u00e9s ou des groupes lors d&rsquo;\u00e9v\u00e9nements, le recours \u00e0 des garde du corps arm\u00e9s en Belgique est souvent n\u00e9cessaire. Ces professionnels sont form\u00e9s pour g\u00e9rer des situations \u00e0 risque, en utilisant des techniques avanc\u00e9es pour garantir la s\u00e9curit\u00e9 des VIP, qu&rsquo;il s&rsquo;agisse de c\u00e9l\u00e9brit\u00e9s, de politiciens ou d&rsquo;autres figures publiques.<\/p>\n<p>Security for special events in Belgium has become a top priority, especially in a context where threats can come from various sources. To ensure the safety of personalities or groups during events, the use of armed bodyguards in Belgium is often essential. These professionals are trained to handle high-risk situations, employing advanced techniques to guarantee the security of VIPs, whether they are celebrities, politicians, or other public figures.<\/p>\n<p>Nos services de garde du corps en Belgique incluent des solutions sur mesure, adapt\u00e9es aux besoins sp\u00e9cifiques de chaque client. Que vous ayez besoin d&rsquo;un garde du corps personnel en Belgique pour une mission pr\u00e9cise ou d&rsquo;une \u00e9quipe de s\u00e9curit\u00e9 pour un \u00e9v\u00e9nement de grande envergure, notre entreprise de s\u00e9curit\u00e9 pour protection personnelle est l\u00e0 pour vous accompagner. Nous \u00e9valuons chaque situation en profondeur pour mettre en place les meilleures strat\u00e9gies de protection, qu&rsquo;elles soient arm\u00e9es ou non.<\/p>\n<p>Our bodyguard services in Belgium include tailored solutions, adapted to the specific needs of each client. Whether you need a personal bodyguard in Belgium for a specific mission or a security team for a large-scale event, our personal protection security company is here to assist you. We thoroughly assess each situation to implement the best protection strategies, whether armed or unarmed.<\/p>\n<p>Dans le cadre de nos missions arm\u00e9es pour protection VIP, nos agents sont dot\u00e9s d&rsquo;une expertise qui leur permet d&rsquo;intervenir rapidement et efficacement face \u00e0 toute menace potentielle. Cependant, nous proposons \u00e9galement des m\u00e9thodes de protection non arm\u00e9es, garantissant la s\u00e9curit\u00e9 sans cr\u00e9er de tension, surtout lors d&rsquo;\u00e9v\u00e9nements publics.<\/p>\n<p>In the context of our armed missions for VIP protection, our agents possess expertise that enables them to intervene quickly and effectively against any potential threat. However, we also offer unarmed protection methods, ensuring safety without creating tension, especially during public events.<\/p>\n<p>\u00c0 travers l&rsquo;Europe, notre \u00e9quipe s&rsquo;engage \u00e0 offrir des services de s\u00e9curit\u00e9 de haut niveau, alliant professionnalisme et discr\u00e9tion. Gr\u00e2ce \u00e0 une compr\u00e9hension approfondie des enjeux de s\u00e9curit\u00e9 actuels, nous sommes en mesure de fournir une protection ad\u00e9quate, permettant \u00e0 nos clients de se concentrer sur l&rsquo;essentiel : profiter de leurs \u00e9v\u00e9nements en toute tranquillit\u00e9.<\/p>\n<p>Across Europe, our team is committed to providing high-level security services, combining professionalism and discretion. With a deep understanding of current security challenges, we are able to deliver adequate protection, allowing our clients to focus on what matters most: enjoying their events with peace of mind.<\/p>\n<h2>FAQ<\/h2>\n<p><strong>Quels sont les avantages d&rsquo;un garde du corps arm\u00e9 pour \u00e9v\u00e9nements ?<\/strong><br \/>\nUn garde du corps arm\u00e9 offre une protection renforc\u00e9e et une tranquillit\u00e9 d&rsquo;esprit lors d&rsquo;\u00e9v\u00e9nements \u00e0 risque.<\/p>\n<p><strong>How do I choose a personal security company?<\/strong><br \/>\nLook for companies with certifications, customer reviews, and experience in personal security.<\/p>\n<p><strong>Les services de garde du corps en Belgique sont-ils co\u00fbteux ?<\/strong><br \/>\nLes prix varient selon les services, la dur\u00e9e et le niveau de s\u00e9curit\u00e9 requis, mais il existe des options adapt\u00e9es \u00e0 diff\u00e9rents budgets.<\/p>\n<p><strong>What are the missions of a bodyguard for VIP protection?<\/strong><br \/>\nMissions include surveillance, escorting, and managing emergency situations to ensure the safety of VIPs.<\/p>\n<p><strong>Est-il possible d&rsquo;engager un garde du corps pour des voyages d&rsquo;affaires en Belgique ?<\/strong><br \/>\nOui, de nombreuses entreprises proposent des services de garde du corps sp\u00e9cifiquement pour les voyages d&rsquo;affaires.<\/p>\n<p>D\u00e9couvrez les services de garde du corps arm\u00e9s en Belgique pour vos \u00e9v\u00e9nements. S\u00e9curit\u00e9 assur\u00e9e pour VIP, c\u00e9l\u00e9brit\u00e9s et entreprises.<\/p>","protected":false},"excerpt":{"rendered":"<p>Mesures de protection des personnes : S\u00e9curisez vos occasions sp\u00e9ciales en Europe Protection des personnes : Bodyguards en Belgique et en Europe Pourquoi choisir un garde du corps arm\u00e9 en Belgique ? Choisir un garde du corps arm\u00e9 en Belgique peut \u00eatre une d\u00e9cision cruciale pour assurer la s\u00e9curit\u00e9 lors d&rsquo;\u00e9v\u00e9nements ou pour prot\u00e9ger des [&hellip;]<\/p>\n","protected":false},"author":1,"featured_media":0,"comment_status":"open","ping_status":"open","sticky":false,"template":"","format":"standard","meta":{"_et_pb_use_builder":"","_et_pb_old_content":"","_et_gb_content_width":"","footnotes":""},"categories":[70],"tags":[],"class_list":["post-6597","post","type-post","status-publish","format-standard","hentry","category-non-classifiee"],"yoast_head":"<!-- This site is optimized with the Yoast SEO Premium plugin v26.9 (Yoast SEO v26.9) - https:\/\/yoast.com\/product\/yoast-seo-premium-wordpress\/ -->\n<title>Protection des personnes VIP avec des gardes arm\u00e9s | European Security<\/title>\n<meta name=\"description\" content=\"D\u00e9couvrez les avantages de la protection des personnes avec des gardes du corps arm\u00e9s en Belgique pour assurer votre s\u00e9curit\u00e9.\" \/>\n<meta name=\"robots\" content=\"index, follow, max-snippet:-1, max-image-preview:large, max-video-preview:-1\" \/>\n<link rel=\"canonical\" href=\"https:\/\/europeansecurity.eu\/en\/garde-du-corps-armes-belgique-pour-evenements-securisez-vos-occasions-speciales\/\" \/>\n<meta property=\"og:locale\" content=\"en_GB\" \/>\n<meta property=\"og:type\" content=\"article\" \/>\n<meta property=\"og:title\" content=\"Garde du corps arm\u00e9s Belgique pour \u00e9v\u00e9nements : S\u00e9curisez vos occasions sp\u00e9ciales\" \/>\n<meta property=\"og:description\" content=\"D\u00e9couvrez les avantages de la protection des personnes avec des gardes du corps arm\u00e9s en Belgique pour assurer votre s\u00e9curit\u00e9.\" \/>\n<meta property=\"og:url\" content=\"https:\/\/europeansecurity.eu\/en\/garde-du-corps-armes-belgique-pour-evenements-securisez-vos-occasions-speciales\/\" \/>\n<meta property=\"og:site_name\" content=\"European Security\" \/>\n<meta property=\"article:publisher\" content=\"https:\/\/www.facebook.com\/profile.php?id=100045113027366\" \/>\n<meta property=\"article:published_time\" content=\"2025-10-13T13:38:33+00:00\" \/>\n<meta property=\"article:modified_time\" content=\"2025-10-13T13:38:35+00:00\" \/>\n<meta property=\"og:image\" content=\"https:\/\/subventioniastorageprod.blob.core.windows.net\/clientdocs\/images\/e565478a-c5e4-48b2-9baa-36974ae977b4.png?sv=2025-07-05&amp;spr=https&amp;st=2025-10-10T07%3A57%3A38Z&amp;se=2026-01-08T08%3A02%3A38Z&amp;sr=b&amp;sp=r&amp;sig=7UoNBqBvM%2B19SUCrBkhjNxW8R4SRCkHgmtB6vAPZG%2Bg%3D\" \/>\n<meta name=\"author\" content=\"admin\" \/>\n<meta name=\"twitter:card\" content=\"summary_large_image\" \/>\n<meta name=\"twitter:label1\" content=\"Written by\" \/>\n\t<meta name=\"twitter:data1\" content=\"admin\" \/>\n\t<meta name=\"twitter:label2\" content=\"Estimated reading time\" \/>\n\t<meta name=\"twitter:data2\" content=\"9 minutes\" \/>\n<script type=\"application\/ld+json\" class=\"yoast-schema-graph\">{\"@context\":\"https:\/\/schema.org\",\"@graph\":[{\"@type\":\"Article\",\"@id\":\"https:\/\/europeansecurity.eu\/garde-du-corps-armes-belgique-pour-evenements-securisez-vos-occasions-speciales\/#article\",\"isPartOf\":{\"@id\":\"https:\/\/europeansecurity.eu\/garde-du-corps-armes-belgique-pour-evenements-securisez-vos-occasions-speciales\/\"},\"author\":{\"name\":\"admin\",\"@id\":\"https:\/\/europeansecurity.eu\/#\/schema\/person\/77a4a54746e7c6eece2474c96338c6d0\"},\"headline\":\"Garde du corps arm\u00e9s Belgique pour \u00e9v\u00e9nements : S\u00e9curisez vos occasions sp\u00e9ciales\",\"datePublished\":\"2025-10-13T13:38:33+00:00\",\"dateModified\":\"2025-10-13T13:38:35+00:00\",\"mainEntityOfPage\":{\"@id\":\"https:\/\/europeansecurity.eu\/garde-du-corps-armes-belgique-pour-evenements-securisez-vos-occasions-speciales\/\"},\"wordCount\":1889,\"commentCount\":0,\"publisher\":{\"@id\":\"https:\/\/europeansecurity.eu\/#organization\"},\"image\":{\"@id\":\"https:\/\/europeansecurity.eu\/garde-du-corps-armes-belgique-pour-evenements-securisez-vos-occasions-speciales\/#primaryimage\"},\"thumbnailUrl\":\"https:\/\/subventioniastorageprod.blob.core.windows.net\/clientdocs\/images\/e565478a-c5e4-48b2-9baa-36974ae977b4.png?sv=2025-07-05&amp;spr=https&amp;st=2025-10-10T07%3A57%3A38Z&amp;se=2026-01-08T08%3A02%3A38Z&amp;sr=b&amp;sp=r&amp;sig=7UoNBqBvM%2B19SUCrBkhjNxW8R4SRCkHgmtB6vAPZG%2Bg%3D\",\"articleSection\":[\"Non classifi\u00e9(e)\"],\"inLanguage\":\"en-GB\",\"potentialAction\":[{\"@type\":\"CommentAction\",\"name\":\"Comment\",\"target\":[\"https:\/\/europeansecurity.eu\/garde-du-corps-armes-belgique-pour-evenements-securisez-vos-occasions-speciales\/#respond\"]}]},{\"@type\":\"WebPage\",\"@id\":\"https:\/\/europeansecurity.eu\/garde-du-corps-armes-belgique-pour-evenements-securisez-vos-occasions-speciales\/\",\"url\":\"https:\/\/europeansecurity.eu\/garde-du-corps-armes-belgique-pour-evenements-securisez-vos-occasions-speciales\/\",\"name\":\"Protection des personnes VIP avec des gardes arm\u00e9s | European Security\",\"isPartOf\":{\"@id\":\"https:\/\/europeansecurity.eu\/#website\"},\"primaryImageOfPage\":{\"@id\":\"https:\/\/europeansecurity.eu\/garde-du-corps-armes-belgique-pour-evenements-securisez-vos-occasions-speciales\/#primaryimage\"},\"image\":{\"@id\":\"https:\/\/europeansecurity.eu\/garde-du-corps-armes-belgique-pour-evenements-securisez-vos-occasions-speciales\/#primaryimage\"},\"thumbnailUrl\":\"https:\/\/subventioniastorageprod.blob.core.windows.net\/clientdocs\/images\/e565478a-c5e4-48b2-9baa-36974ae977b4.png?sv=2025-07-05&amp;spr=https&amp;st=2025-10-10T07%3A57%3A38Z&amp;se=2026-01-08T08%3A02%3A38Z&amp;sr=b&amp;sp=r&amp;sig=7UoNBqBvM%2B19SUCrBkhjNxW8R4SRCkHgmtB6vAPZG%2Bg%3D\",\"datePublished\":\"2025-10-13T13:38:33+00:00\",\"dateModified\":\"2025-10-13T13:38:35+00:00\",\"description\":\"D\u00e9couvrez les avantages de la protection des personnes avec des gardes du corps arm\u00e9s en Belgique pour assurer votre s\u00e9curit\u00e9.\",\"breadcrumb\":{\"@id\":\"https:\/\/europeansecurity.eu\/garde-du-corps-armes-belgique-pour-evenements-securisez-vos-occasions-speciales\/#breadcrumb\"},\"inLanguage\":\"en-GB\",\"potentialAction\":[{\"@type\":\"ReadAction\",\"target\":[\"https:\/\/europeansecurity.eu\/garde-du-corps-armes-belgique-pour-evenements-securisez-vos-occasions-speciales\/\"]}]},{\"@type\":\"ImageObject\",\"inLanguage\":\"en-GB\",\"@id\":\"https:\/\/europeansecurity.eu\/garde-du-corps-armes-belgique-pour-evenements-securisez-vos-occasions-speciales\/#primaryimage\",\"url\":\"https:\/\/subventioniastorageprod.blob.core.windows.net\/clientdocs\/images\/e565478a-c5e4-48b2-9baa-36974ae977b4.png?sv=2025-07-05&amp;spr=https&amp;st=2025-10-10T07%3A57%3A38Z&amp;se=2026-01-08T08%3A02%3A38Z&amp;sr=b&amp;sp=r&amp;sig=7UoNBqBvM%2B19SUCrBkhjNxW8R4SRCkHgmtB6vAPZG%2Bg%3D\",\"contentUrl\":\"https:\/\/subventioniastorageprod.blob.core.windows.net\/clientdocs\/images\/e565478a-c5e4-48b2-9baa-36974ae977b4.png?sv=2025-07-05&amp;spr=https&amp;st=2025-10-10T07%3A57%3A38Z&amp;se=2026-01-08T08%3A02%3A38Z&amp;sr=b&amp;sp=r&amp;sig=7UoNBqBvM%2B19SUCrBkhjNxW8R4SRCkHgmtB6vAPZG%2Bg%3D\"},{\"@type\":\"BreadcrumbList\",\"@id\":\"https:\/\/europeansecurity.eu\/garde-du-corps-armes-belgique-pour-evenements-securisez-vos-occasions-speciales\/#breadcrumb\",\"itemListElement\":[{\"@type\":\"ListItem\",\"position\":1,\"name\":\"Accueil\",\"item\":\"https:\/\/europeansecurity.eu\/\"},{\"@type\":\"ListItem\",\"position\":2,\"name\":\"Garde du corps arm\u00e9s Belgique pour \u00e9v\u00e9nements : S\u00e9curisez vos occasions sp\u00e9ciales\"}]},{\"@type\":\"WebSite\",\"@id\":\"https:\/\/europeansecurity.eu\/#website\",\"url\":\"https:\/\/europeansecurity.eu\/\",\"name\":\"European Security\",\"description\":\"Votre s\u00e9curit\u00e9 est notre priorit\u00e9 !\",\"publisher\":{\"@id\":\"https:\/\/europeansecurity.eu\/#organization\"},\"alternateName\":\"EPS\",\"potentialAction\":[{\"@type\":\"SearchAction\",\"target\":{\"@type\":\"EntryPoint\",\"urlTemplate\":\"https:\/\/europeansecurity.eu\/?s={search_term_string}\"},\"query-input\":{\"@type\":\"PropertyValueSpecification\",\"valueRequired\":true,\"valueName\":\"search_term_string\"}}],\"inLanguage\":\"en-GB\"},{\"@type\":\"Organization\",\"@id\":\"https:\/\/europeansecurity.eu\/#organization\",\"name\":\"European Security\",\"alternateName\":\"EPS\",\"url\":\"https:\/\/europeansecurity.eu\/\",\"logo\":{\"@type\":\"ImageObject\",\"inLanguage\":\"en-GB\",\"@id\":\"https:\/\/europeansecurity.eu\/#\/schema\/logo\/image\/\",\"url\":\"https:\/\/europeansecurity.eu\/wp-content\/uploads\/2022\/11\/Avis-1.jpg\",\"contentUrl\":\"https:\/\/europeansecurity.eu\/wp-content\/uploads\/2022\/11\/Avis-1.jpg\",\"width\":600,\"height\":600,\"caption\":\"European Security\"},\"image\":{\"@id\":\"https:\/\/europeansecurity.eu\/#\/schema\/logo\/image\/\"},\"sameAs\":[\"https:\/\/www.facebook.com\/profile.php?id=100045113027366\"],\"description\":\"European Security est une entreprise de s\u00e9curit\u00e9 priv\u00e9e bas\u00e9e \u00e0 Bruxelles, sp\u00e9cialis\u00e9e dans la surveillance statique, les rondes mobiles, le contr\u00f4le d\u2019acc\u00e8s, la protection rapproch\u00e9e arm\u00e9e et la s\u00e9curisation d\u2019\u00e9v\u00e9nements en Belgique, au Luxembourg et partout en Europe. Nos agents agr\u00e9\u00e9s assurent la protection 24\/7 de vos sites, commerces, ambassades, festivals et personnalit\u00e9s, avec des solutions de s\u00e9curit\u00e9 sur mesure alliant technologie, expertise et r\u00e9activit\u00e9. European Security \u2013 Soci\u00e9t\u00e9 de s\u00e9curit\u00e9 \u00e0 Bruxelles : gardiennage, protection arm\u00e9e, rondes mobiles et \u00e9v\u00e9nements 24\/7 en Belgique et en Europe.\",\"email\":\"info@europeansecurity.eu\",\"telephone\":\"080037227\",\"legalName\":\"EUROPEAN PRIVATE SECURITY\",\"vatID\":\"BE0549945656\",\"numberOfEmployees\":{\"@type\":\"QuantitativeValue\",\"minValue\":\"51\",\"maxValue\":\"200\"},\"publishingPrinciples\":\"https:\/\/europeansecurity.eu\/a-propos\/\"},{\"@type\":\"Person\",\"@id\":\"https:\/\/europeansecurity.eu\/#\/schema\/person\/77a4a54746e7c6eece2474c96338c6d0\",\"name\":\"admin\",\"image\":{\"@type\":\"ImageObject\",\"inLanguage\":\"en-GB\",\"@id\":\"https:\/\/europeansecurity.eu\/#\/schema\/person\/image\/\",\"url\":\"https:\/\/secure.gravatar.com\/avatar\/03f3ff8a3021224d3beab70eb257d8e2731cab350bc79364c703ee0cc3aa4a9b?s=96&d=mm&r=g\",\"contentUrl\":\"https:\/\/secure.gravatar.com\/avatar\/03f3ff8a3021224d3beab70eb257d8e2731cab350bc79364c703ee0cc3aa4a9b?s=96&d=mm&r=g\",\"caption\":\"admin\"},\"sameAs\":[\"http:\/\/www.europeansecurity.eu\"],\"url\":\"https:\/\/europeansecurity.eu\/en\/author\/admin\/\"}]}<\/script>\n<!-- \/ Yoast SEO Premium plugin. -->","yoast_head_json":{"title":"Protection des personnes VIP avec des gardes arm\u00e9s | European Security","description":"D\u00e9couvrez les avantages de la protection des personnes avec des gardes du corps arm\u00e9s en Belgique pour assurer votre s\u00e9curit\u00e9.","robots":{"index":"index","follow":"follow","max-snippet":"max-snippet:-1","max-image-preview":"max-image-preview:large","max-video-preview":"max-video-preview:-1"},"canonical":"https:\/\/europeansecurity.eu\/en\/garde-du-corps-armes-belgique-pour-evenements-securisez-vos-occasions-speciales\/","og_locale":"en_GB","og_type":"article","og_title":"Garde du corps arm\u00e9s Belgique pour \u00e9v\u00e9nements : S\u00e9curisez vos occasions sp\u00e9ciales","og_description":"D\u00e9couvrez les avantages de la protection des personnes avec des gardes du corps arm\u00e9s en Belgique pour assurer votre s\u00e9curit\u00e9.","og_url":"https:\/\/europeansecurity.eu\/en\/garde-du-corps-armes-belgique-pour-evenements-securisez-vos-occasions-speciales\/","og_site_name":"European Security","article_publisher":"https:\/\/www.facebook.com\/profile.php?id=100045113027366","article_published_time":"2025-10-13T13:38:33+00:00","article_modified_time":"2025-10-13T13:38:35+00:00","og_image":[{"url":"https:\/\/subventioniastorageprod.blob.core.windows.net\/clientdocs\/images\/e565478a-c5e4-48b2-9baa-36974ae977b4.png?sv=2025-07-05&amp;spr=https&amp;st=2025-10-10T07%3A57%3A38Z&amp;se=2026-01-08T08%3A02%3A38Z&amp;sr=b&amp;sp=r&amp;sig=7UoNBqBvM%2B19SUCrBkhjNxW8R4SRCkHgmtB6vAPZG%2Bg%3D","type":"","width":"","height":""}],"author":"admin","twitter_card":"summary_large_image","twitter_misc":{"Written by":"admin","Estimated reading time":"9 minutes"},"schema":{"@context":"https:\/\/schema.org","@graph":[{"@type":"Article","@id":"https:\/\/europeansecurity.eu\/garde-du-corps-armes-belgique-pour-evenements-securisez-vos-occasions-speciales\/#article","isPartOf":{"@id":"https:\/\/europeansecurity.eu\/garde-du-corps-armes-belgique-pour-evenements-securisez-vos-occasions-speciales\/"},"author":{"name":"admin","@id":"https:\/\/europeansecurity.eu\/#\/schema\/person\/77a4a54746e7c6eece2474c96338c6d0"},"headline":"Garde du corps arm\u00e9s Belgique pour \u00e9v\u00e9nements : S\u00e9curisez vos occasions sp\u00e9ciales","datePublished":"2025-10-13T13:38:33+00:00","dateModified":"2025-10-13T13:38:35+00:00","mainEntityOfPage":{"@id":"https:\/\/europeansecurity.eu\/garde-du-corps-armes-belgique-pour-evenements-securisez-vos-occasions-speciales\/"},"wordCount":1889,"commentCount":0,"publisher":{"@id":"https:\/\/europeansecurity.eu\/#organization"},"image":{"@id":"https:\/\/europeansecurity.eu\/garde-du-corps-armes-belgique-pour-evenements-securisez-vos-occasions-speciales\/#primaryimage"},"thumbnailUrl":"https:\/\/subventioniastorageprod.blob.core.windows.net\/clientdocs\/images\/e565478a-c5e4-48b2-9baa-36974ae977b4.png?sv=2025-07-05&amp;spr=https&amp;st=2025-10-10T07%3A57%3A38Z&amp;se=2026-01-08T08%3A02%3A38Z&amp;sr=b&amp;sp=r&amp;sig=7UoNBqBvM%2B19SUCrBkhjNxW8R4SRCkHgmtB6vAPZG%2Bg%3D","articleSection":["Non classifi\u00e9(e)"],"inLanguage":"en-GB","potentialAction":[{"@type":"CommentAction","name":"Comment","target":["https:\/\/europeansecurity.eu\/garde-du-corps-armes-belgique-pour-evenements-securisez-vos-occasions-speciales\/#respond"]}]},{"@type":"WebPage","@id":"https:\/\/europeansecurity.eu\/garde-du-corps-armes-belgique-pour-evenements-securisez-vos-occasions-speciales\/","url":"https:\/\/europeansecurity.eu\/garde-du-corps-armes-belgique-pour-evenements-securisez-vos-occasions-speciales\/","name":"Protection des personnes VIP avec des gardes arm\u00e9s | European Security","isPartOf":{"@id":"https:\/\/europeansecurity.eu\/#website"},"primaryImageOfPage":{"@id":"https:\/\/europeansecurity.eu\/garde-du-corps-armes-belgique-pour-evenements-securisez-vos-occasions-speciales\/#primaryimage"},"image":{"@id":"https:\/\/europeansecurity.eu\/garde-du-corps-armes-belgique-pour-evenements-securisez-vos-occasions-speciales\/#primaryimage"},"thumbnailUrl":"https:\/\/subventioniastorageprod.blob.core.windows.net\/clientdocs\/images\/e565478a-c5e4-48b2-9baa-36974ae977b4.png?sv=2025-07-05&amp;spr=https&amp;st=2025-10-10T07%3A57%3A38Z&amp;se=2026-01-08T08%3A02%3A38Z&amp;sr=b&amp;sp=r&amp;sig=7UoNBqBvM%2B19SUCrBkhjNxW8R4SRCkHgmtB6vAPZG%2Bg%3D","datePublished":"2025-10-13T13:38:33+00:00","dateModified":"2025-10-13T13:38:35+00:00","description":"D\u00e9couvrez les avantages de la protection des personnes avec des gardes du corps arm\u00e9s en Belgique pour assurer votre s\u00e9curit\u00e9.","breadcrumb":{"@id":"https:\/\/europeansecurity.eu\/garde-du-corps-armes-belgique-pour-evenements-securisez-vos-occasions-speciales\/#breadcrumb"},"inLanguage":"en-GB","potentialAction":[{"@type":"ReadAction","target":["https:\/\/europeansecurity.eu\/garde-du-corps-armes-belgique-pour-evenements-securisez-vos-occasions-speciales\/"]}]},{"@type":"ImageObject","inLanguage":"en-GB","@id":"https:\/\/europeansecurity.eu\/garde-du-corps-armes-belgique-pour-evenements-securisez-vos-occasions-speciales\/#primaryimage","url":"https:\/\/subventioniastorageprod.blob.core.windows.net\/clientdocs\/images\/e565478a-c5e4-48b2-9baa-36974ae977b4.png?sv=2025-07-05&amp;spr=https&amp;st=2025-10-10T07%3A57%3A38Z&amp;se=2026-01-08T08%3A02%3A38Z&amp;sr=b&amp;sp=r&amp;sig=7UoNBqBvM%2B19SUCrBkhjNxW8R4SRCkHgmtB6vAPZG%2Bg%3D","contentUrl":"https:\/\/subventioniastorageprod.blob.core.windows.net\/clientdocs\/images\/e565478a-c5e4-48b2-9baa-36974ae977b4.png?sv=2025-07-05&amp;spr=https&amp;st=2025-10-10T07%3A57%3A38Z&amp;se=2026-01-08T08%3A02%3A38Z&amp;sr=b&amp;sp=r&amp;sig=7UoNBqBvM%2B19SUCrBkhjNxW8R4SRCkHgmtB6vAPZG%2Bg%3D"},{"@type":"BreadcrumbList","@id":"https:\/\/europeansecurity.eu\/garde-du-corps-armes-belgique-pour-evenements-securisez-vos-occasions-speciales\/#breadcrumb","itemListElement":[{"@type":"ListItem","position":1,"name":"Accueil","item":"https:\/\/europeansecurity.eu\/"},{"@type":"ListItem","position":2,"name":"Garde du corps arm\u00e9s Belgique pour \u00e9v\u00e9nements : S\u00e9curisez vos occasions sp\u00e9ciales"}]},{"@type":"WebSite","@id":"https:\/\/europeansecurity.eu\/#website","url":"https:\/\/europeansecurity.eu\/","name":"European Security","description":"Votre s\u00e9curit\u00e9 est notre priorit\u00e9 !","publisher":{"@id":"https:\/\/europeansecurity.eu\/#organization"},"alternateName":"EPS","potentialAction":[{"@type":"SearchAction","target":{"@type":"EntryPoint","urlTemplate":"https:\/\/europeansecurity.eu\/?s={search_term_string}"},"query-input":{"@type":"PropertyValueSpecification","valueRequired":true,"valueName":"search_term_string"}}],"inLanguage":"en-GB"},{"@type":"Organization","@id":"https:\/\/europeansecurity.eu\/#organization","name":"European Security","alternateName":"EPS","url":"https:\/\/europeansecurity.eu\/","logo":{"@type":"ImageObject","inLanguage":"en-GB","@id":"https:\/\/europeansecurity.eu\/#\/schema\/logo\/image\/","url":"https:\/\/europeansecurity.eu\/wp-content\/uploads\/2022\/11\/Avis-1.jpg","contentUrl":"https:\/\/europeansecurity.eu\/wp-content\/uploads\/2022\/11\/Avis-1.jpg","width":600,"height":600,"caption":"European Security"},"image":{"@id":"https:\/\/europeansecurity.eu\/#\/schema\/logo\/image\/"},"sameAs":["https:\/\/www.facebook.com\/profile.php?id=100045113027366"],"description":"European Security est une entreprise de s\u00e9curit\u00e9 priv\u00e9e bas\u00e9e \u00e0 Bruxelles, sp\u00e9cialis\u00e9e dans la surveillance statique, les rondes mobiles, le contr\u00f4le d\u2019acc\u00e8s, la protection rapproch\u00e9e arm\u00e9e et la s\u00e9curisation d\u2019\u00e9v\u00e9nements en Belgique, au Luxembourg et partout en Europe. Nos agents agr\u00e9\u00e9s assurent la protection 24\/7 de vos sites, commerces, ambassades, festivals et personnalit\u00e9s, avec des solutions de s\u00e9curit\u00e9 sur mesure alliant technologie, expertise et r\u00e9activit\u00e9. European Security \u2013 Soci\u00e9t\u00e9 de s\u00e9curit\u00e9 \u00e0 Bruxelles : gardiennage, protection arm\u00e9e, rondes mobiles et \u00e9v\u00e9nements 24\/7 en Belgique et en Europe.","email":"info@europeansecurity.eu","telephone":"080037227","legalName":"EUROPEAN PRIVATE SECURITY","vatID":"BE0549945656","numberOfEmployees":{"@type":"QuantitativeValue","minValue":"51","maxValue":"200"},"publishingPrinciples":"https:\/\/europeansecurity.eu\/a-propos\/"},{"@type":"Person","@id":"https:\/\/europeansecurity.eu\/#\/schema\/person\/77a4a54746e7c6eece2474c96338c6d0","name":"admin","image":{"@type":"ImageObject","inLanguage":"en-GB","@id":"https:\/\/europeansecurity.eu\/#\/schema\/person\/image\/","url":"https:\/\/secure.gravatar.com\/avatar\/03f3ff8a3021224d3beab70eb257d8e2731cab350bc79364c703ee0cc3aa4a9b?s=96&d=mm&r=g","contentUrl":"https:\/\/secure.gravatar.com\/avatar\/03f3ff8a3021224d3beab70eb257d8e2731cab350bc79364c703ee0cc3aa4a9b?s=96&d=mm&r=g","caption":"admin"},"sameAs":["http:\/\/www.europeansecurity.eu"],"url":"https:\/\/europeansecurity.eu\/en\/author\/admin\/"}]}},"_links":{"self":[{"href":"https:\/\/europeansecurity.eu\/en\/wp-json\/wp\/v2\/posts\/6597","targetHints":{"allow":["GET"]}}],"collection":[{"href":"https:\/\/europeansecurity.eu\/en\/wp-json\/wp\/v2\/posts"}],"about":[{"href":"https:\/\/europeansecurity.eu\/en\/wp-json\/wp\/v2\/types\/post"}],"author":[{"embeddable":true,"href":"https:\/\/europeansecurity.eu\/en\/wp-json\/wp\/v2\/users\/1"}],"replies":[{"embeddable":true,"href":"https:\/\/europeansecurity.eu\/en\/wp-json\/wp\/v2\/comments?post=6597"}],"version-history":[{"count":1,"href":"https:\/\/europeansecurity.eu\/en\/wp-json\/wp\/v2\/posts\/6597\/revisions"}],"predecessor-version":[{"id":6624,"href":"https:\/\/europeansecurity.eu\/en\/wp-json\/wp\/v2\/posts\/6597\/revisions\/6624"}],"wp:attachment":[{"href":"https:\/\/europeansecurity.eu\/en\/wp-json\/wp\/v2\/media?parent=6597"}],"wp:term":[{"taxonomy":"category","embeddable":true,"href":"https:\/\/europeansecurity.eu\/en\/wp-json\/wp\/v2\/categories?post=6597"},{"taxonomy":"post_tag","embeddable":true,"href":"https:\/\/europeansecurity.eu\/en\/wp-json\/wp\/v2\/tags?post=6597"}],"curies":[{"name":"wp","href":"https:\/\/api.w.org\/{rel}","templated":true}]}}